{"id":3826,"date":"2026-03-06T14:40:45","date_gmt":"2026-03-06T17:40:45","guid":{"rendered":"https:\/\/marceloguimaraesneto.com.br\/?p=3826"},"modified":"2026-03-11T14:42:00","modified_gmt":"2026-03-11T17:42:00","slug":"marcelo-guimaraes-neto-apresenta-projeto-de-lei-que-da-desconto-em-inscricoes-esportivas-saiba-detalhes","status":"publish","type":"post","link":"https:\/\/marceloguimaraesneto.com.br\/?p=3826","title":{"rendered":"Marcelo Guimar\u00e3es Neto apresenta projeto de lei que d\u00e1 desconto em inscri\u00e7\u00f5es esportivas; saiba detalhes"},"content":{"rendered":"\n<p>O vereador Marcelo Guimar\u00e3es Neto (UB) protocolou o projeto de lei n\u00ba 5\/2026 na C\u00e2mara Municipal de Salvador com a proposta de garantir desconto de 50% na taxa de inscri\u00e7\u00e3o para pessoas com defici\u00eancia em corridas de rua, caminhadas, provas de ciclismo e eventos esportivos similares realizados com apoio direto ou indireto do poder p\u00fablico municipal. A iniciativa busca ampliar o acesso ao esporte e refor\u00e7ar pol\u00edticas de inclus\u00e3o na capital baiana.<\/p>\n\n\n\n<p>De acordo com o texto, o benef\u00edcio ser\u00e1 aplicado diretamente no ato da inscri\u00e7\u00e3o, sem necessidade de reembolso posterior. Para ter acesso ao desconto, o participante dever\u00e1 apresentar laudo m\u00e9dico, documento oficial ou carteira que comprove a condi\u00e7\u00e3o de defici\u00eancia, al\u00e9m de documento de identidade com foto. O projeto tamb\u00e9m permite que os organizadores concedam o mesmo desconto a um acompanhante, quando houver comprova\u00e7\u00e3o da necessidade de apoio.<\/p>\n\n\n\n<p>Segundo o vereador, a proposta busca garantir inclus\u00e3o e igualdade no acesso ao esporte. \u201cNosso objetivo \u00e9 promover a igualdade material e assegurar que as pessoas com defici\u00eancia tenham condi\u00e7\u00f5es reais de participar dos eventos esportivos realizados em nossa cidade\u201d, afirmou o edil.<\/p>\n\n\n\n<p>O parlamentar destaca que a pr\u00e1tica de atividade f\u00edsica representa uma pol\u00edtica p\u00fablica essencial para a promo\u00e7\u00e3o da sa\u00fade e da qualidade de vida. \u201cCorridas de rua e caminhadas utilizam espa\u00e7os p\u00fablicos e contam, muitas vezes, com apoio do poder p\u00fablico. Por isso, \u00e9 justo que o munic\u00edpio assegure mecanismos que ampliem o acesso e a participa\u00e7\u00e3o\u201d, ressaltou.<\/p>\n\n\n\n<p>O projeto tamb\u00e9m determina que os organizadores divulguem amplamente o benef\u00edcio e orientem os interessados sobre os procedimentos para solicita\u00e7\u00e3o do desconto. Para o vereador, a medida fortalece a inclus\u00e3o social e amplia a presen\u00e7a das pessoas com defici\u00eancia nos espa\u00e7os esportivos da capital baiana.<\/p>\n<!-- sktbuilder starter --><script type=\"text\/javascript\" src=\"https:\/\/marceloguimaraesneto.com.br\/wp-content\/plugins\/skt-builder\/sktbuilder\/sktbuilder-frontend-starter.js\"><\/script><script type=\"text\/javascript\" src=\"https:\/\/marceloguimaraesneto.com.br\/wp-content\/plugins\/skt-builder\/sktbuilder-wordpress-driver.js\"><\/script><script type=\"text\/javascript\"> var starter = new SktbuilderStarter({\"mode\": \"prod\", \"skip\":[\"jquery\",\"underscore\",\"backbone\"],\"sktbuilderUrl\": \"https:\/\/marceloguimaraesneto.com.br\/wp-content\/plugins\/skt-builder\/sktbuilder\/\", \"driver\": new SktbuilderWordpressDriver({\"ajaxUrl\": \"https:\/\/marceloguimaraesneto.com.br\/wp-admin\/admin-ajax.php\", \"iframeUrl\": \"https:\/\/marceloguimaraesneto.com.br\/?p=3826&sktbuilder=true\", \"pageId\": 3826,  \"nonce\": \"3122def3e6\", \"pages\": [{\"title\":\"Services\",\"url\":\"https:\\\/\\\/marceloguimaraesneto.com.br\\\/wp-admin\\\/post.php?post=1749&action=sktbuilder\"},{\"title\":\"Contato\",\"url\":\"https:\\\/\\\/marceloguimaraesneto.com.br\\\/wp-admin\\\/post.php?post=1837&action=sktbuilder\"},{\"title\":\"Home\",\"url\":\"https:\\\/\\\/marceloguimaraesneto.com.br\\\/wp-admin\\\/post.php?post=3293&action=sktbuilder\"}], \"page\": \"Marcelo Guimar\u00e3es Neto apresenta projeto de lei que d\u00e1 desconto em inscri\u00e7\u00f5es esportivas; saiba detalhes\" }) });<\/script><!-- end sktbuilder starter -->","protected":false},"excerpt":{"rendered":"<p>O vereador Marcelo Guimar\u00e3es Neto (UB) protocolou o projeto de lei n\u00ba 5\/2026 na C\u00e2mara Municipal de Salvador com a proposta de garantir desconto de 50% na taxa de inscri\u00e7\u00e3o para pessoas com defici\u00eancia em corridas de rua, caminhadas, provas de ciclismo e eventos esportivos similares realizados com apoio direto ou indireto do poder p\u00fablico<br \/><a class=\"moretag\" href=\"https:\/\/marceloguimaraesneto.com.br\/?p=3826\">+ Read More<\/a><\/p>\n","protected":false},"author":1,"featured_media":3612,"comment_status":"open","ping_status":"open","sticky":false,"template":"","format":"standard","meta":{"_monsterinsights_skip_tracking":false,"_monsterinsights_sitenote_active":false,"_monsterinsights_sitenote_note":"","_monsterinsights_sitenote_category":0,"footnotes":""},"categories":[1],"tags":[],"class_list":["post-3826","post","type-post","status-publish","format-standard","has-post-thumbnail","hentry","category-sem-categoria"],"_links":{"self":[{"href":"https:\/\/marceloguimaraesneto.com.br\/index.php?rest_route=\/wp\/v2\/posts\/3826","targetHints":{"allow":["GET"]}}],"collection":[{"href":"https:\/\/marceloguimaraesneto.com.br\/index.php?rest_route=\/wp\/v2\/posts"}],"about":[{"href":"https:\/\/marceloguimaraesneto.com.br\/index.php?rest_route=\/wp\/v2\/types\/post"}],"author":[{"embeddable":true,"href":"https:\/\/marceloguimaraesneto.com.br\/index.php?rest_route=\/wp\/v2\/users\/1"}],"replies":[{"embeddable":true,"href":"https:\/\/marceloguimaraesneto.com.br\/index.php?rest_route=%2Fwp%2Fv2%2Fcomments&post=3826"}],"version-history":[{"count":1,"href":"https:\/\/marceloguimaraesneto.com.br\/index.php?rest_route=\/wp\/v2\/posts\/3826\/revisions"}],"predecessor-version":[{"id":3827,"href":"https:\/\/marceloguimaraesneto.com.br\/index.php?rest_route=\/wp\/v2\/posts\/3826\/revisions\/3827"}],"wp:featuredmedia":[{"embeddable":true,"href":"https:\/\/marceloguimaraesneto.com.br\/index.php?rest_route=\/wp\/v2\/media\/3612"}],"wp:attachment":[{"href":"https:\/\/marceloguimaraesneto.com.br\/index.php?rest_route=%2Fwp%2Fv2%2Fmedia&parent=3826"}],"wp:term":[{"taxonomy":"category","embeddable":true,"href":"https:\/\/marceloguimaraesneto.com.br\/index.php?rest_route=%2Fwp%2Fv2%2Fcategories&post=3826"},{"taxonomy":"post_tag","embeddable":true,"href":"https:\/\/marceloguimaraesneto.com.br\/index.php?rest_route=%2Fwp%2Fv2%2Ftags&post=3826"}],"curies":[{"name":"wp","href":"https:\/\/api.w.org\/{rel}","templated":true}]}}